{"id":239,"date":"2020-07-03T07:39:39","date_gmt":"2020-07-03T05:39:39","guid":{"rendered":"https:\/\/esferas.org\/mldt\/?p=239"},"modified":"2020-07-03T07:42:14","modified_gmt":"2020-07-03T05:42:14","slug":"pues-hemos-empezado-con-averia-electrica","status":"publish","type":"post","link":"https:\/\/esferas.org\/mldt\/pues-hemos-empezado-con-averia-electrica\/","title":{"rendered":"Pues hemos empezado con aver\u00eda el\u00e9ctrica"},"content":{"rendered":"\n<p>Y esta madrugada los equipos han estado m\u00e1s de una hora sin suministro. Y, la verdad, es que algunos no terminan de arrancar bien. Bueno, uno en concreto no arranca autom\u00e1ticamente. Creo que debe ser cosa del BIOS pero debo asegurarme.<\/p>\n\n\n\n<!--more-->\n\n\n\n<p class=\"has-text-align-right\">viernes, 3 de julio de 2020<\/p>\n\n\n\n<p>La compa\u00f1\u00eda el\u00e9ctrica -Iberdrola- ha informado mediante correos al director aunque su utilidad es bastante reducida si te avisan justo cuando cortan. Al menos tenemos constancia de ello, que no est\u00e1 mal para saber que el problema viene de fuera. <\/p>\n\n\n\n<p>Otro de los problemas con los que me encuentro es el maldito libvirtd que no termina de arrancar en condiciones. Y parte de la culpa la tiene <em>systemd<\/em> que sigue yendo por su cuenta y complica lo que no deb\u00eda ser complicado. Y encima haci\u00e9ndose con cada vez m\u00e1s tareas que no le competen. \u00bf Qu\u00e9 fue lo \u00faltimo ? Ah, s\u00ed, la <em>recomendaci\u00f3n<\/em> de algunos de dejar de lado <em>cron<\/em> y emplear systemd para lo mismo. \u00bf En serio ? \u00bf Todos los huevos en la misma cesta ? <\/p>\n\n\n\n<p>Ah, y luego est\u00e1 tambi\u00e9n <em>docker<\/em> y su ecosistema, que para una cosa que lo empleo -el servicio <em>Guacamole<\/em>&#8211; pues resulta que no soporta bien un reinicio. Es m\u00e1s, con esa facilidad que tiene de arrancar varios contenedores con la misma imagen, y alguna torpeza m\u00eda en la configuraci\u00f3n, termino con varios programas peleando a muerte por los mismos recursos (pero de buen rollo) y sin darme servicio alguno. Al final matar los contenedores a mano y reiniciar -tambi\u00e9n a mano- para poder tenerlo en marcha. <\/p>\n\n\n\n<p>Vamos, un drama esto de los arranques. Antes, s\u00ed, antes, era todo m\u00e1s sencillo. <\/p>\n","protected":false},"excerpt":{"rendered":"<p>Y esta madrugada los equipos han estado m\u00e1s de una hora sin suministro. Y, la verdad, es que algunos no terminan de arrancar bien. Bueno, uno en concreto no arranca autom\u00e1ticamente. Creo que debe ser cosa del BIOS pero debo asegurarme.<\/p>\n","protected":false},"author":1,"featured_media":0,"comment_status":"open","ping_status":"open","sticky":false,"template":"","format":"standard","meta":{"webmentions_disabled_pings":false,"webmentions_disabled":false,"footnotes":""},"categories":[72],"tags":[76,54,53,77],"class_list":["post-239","post","type-post","status-publish","format-standard","hentry","category-problemas-y-errores","tag-corte-de-suministro-electrico","tag-docker","tag-guacamole","tag-libvirtd","content-box"],"_links":{"self":[{"href":"https:\/\/esferas.org\/mldt\/wp-json\/wp\/v2\/posts\/239","targetHints":{"allow":["GET"]}}],"collection":[{"href":"https:\/\/esferas.org\/mldt\/wp-json\/wp\/v2\/posts"}],"about":[{"href":"https:\/\/esferas.org\/mldt\/wp-json\/wp\/v2\/types\/post"}],"author":[{"embeddable":true,"href":"https:\/\/esferas.org\/mldt\/wp-json\/wp\/v2\/users\/1"}],"replies":[{"embeddable":true,"href":"https:\/\/esferas.org\/mldt\/wp-json\/wp\/v2\/comments?post=239"}],"version-history":[{"count":2,"href":"https:\/\/esferas.org\/mldt\/wp-json\/wp\/v2\/posts\/239\/revisions"}],"predecessor-version":[{"id":242,"href":"https:\/\/esferas.org\/mldt\/wp-json\/wp\/v2\/posts\/239\/revisions\/242"}],"wp:attachment":[{"href":"https:\/\/esferas.org\/mldt\/wp-json\/wp\/v2\/media?parent=239"}],"wp:term":[{"taxonomy":"category","embeddable":true,"href":"https:\/\/esferas.org\/mldt\/wp-json\/wp\/v2\/categories?post=239"},{"taxonomy":"post_tag","embeddable":true,"href":"https:\/\/esferas.org\/mldt\/wp-json\/wp\/v2\/tags?post=239"}],"curies":[{"name":"wp","href":"https:\/\/api.w.org\/{rel}","templated":true}]}}