{"id":315,"date":"2020-09-10T12:55:56","date_gmt":"2020-09-10T10:55:56","guid":{"rendered":"https:\/\/esferas.org\/mldt\/?p=315"},"modified":"2020-09-10T12:55:56","modified_gmt":"2020-09-10T10:55:56","slug":"algunas-cosas-empiezan-a-moverse","status":"publish","type":"post","link":"https:\/\/esferas.org\/mldt\/algunas-cosas-empiezan-a-moverse\/","title":{"rendered":"Algunas cosas empiezan a moverse"},"content":{"rendered":"\n<p>Y espero que para bien. Ya hay demasiados ejemplos de personas al mando que dejan que todo se pudra para aplicar situaciones de emergencia y justificar as\u00ed la inacci\u00f3n anterior.<\/p>\n\n\n\n<!--more-->\n\n\n\n<p class=\"has-text-align-right\">jueves, 10 de septiembre de 2020<\/p>\n\n\n\n<p>Hoy ten\u00eda conversaci\u00f3n telef\u00f3nica con el muchacho externo. No ha podido ser. Y no por su parte si no porque le he comentado al director que es mejor que se centre en averig\u00fcar si est\u00e1 o no a nuestra disposici\u00f3n. <\/p>\n\n\n\n<p>Esta ma\u00f1ana hemos recibido un correo hablando sobre el formato impreso de la factura y los problemas que le pedimos que resolviera tiempo atr\u00e1s. Ser\u00eda normal si no tuviese ya varios comunicados m\u00edos y del director que ha obviado sin m\u00e1s. Y encima hablando de <em>nueva tecnolog\u00eda<\/em> aplicada al despilfarro de papel que llevamos sufriendo desde hace a\u00f1os. Cualquier factura, dado el formato que tiene ahora, emplea como poco tres veces m\u00e1s superficie que antes. Nos ha propuesto un nuevo estilo y, bueno, est\u00e1 bien, pero no puede dar de lado todo lo que hay pendiente. <\/p>\n\n\n\n<p>Conmigo decididamente ya no quiere hablar. Supongo que habr\u00e1 advertido que ya no tengo <em>mando en plaza<\/em> y le resulto molesto. Lo que no sabe es que cuanto peor sea la situaci\u00f3n m\u00e1s tendr\u00e1n que acudir a m\u00ed y eso le deja fuera. No puedo trabajar con alguien que no me tiene en cuenta. <\/p>\n\n\n\n<p>De pedir presupuestos detallados e informes de trabajo ya ni contamos. Es duro hacerlos, lo s\u00e9, pero si no hay todo se reduce a confiar en que lo haga correctamente y no nos time. \u00c9l y cualquiera. <\/p>\n\n\n\n<p>El caso es que tras la conversaci\u00f3n con el director han llegado a la conclusi\u00f3n de que trabajar bajo un contrato mensual no funciona. Que es mejor hacerlo por proyecto por ver si alguna vez termina algo. Es sorprendente el n\u00famero de casos abiertos que siguen sin resolverse y de los que ya ni habla. <\/p>\n\n\n\n<p>El ERP en estos momentos est\u00e1 en la siguiente situaci\u00f3n:<\/p>\n\n\n\n<ul class=\"wp-block-list\"><li>No es fiable. Hay informaci\u00f3n que aparece, desaparece o se transforma sin un patr\u00f3n que hayamos podido definir. Y son cosas como contenido de facturas, precios o cobros. <\/li><li>No es \u00fatil porque no da informaci\u00f3n a casi ning\u00fan nivel. Los programas suelen terminar -tras muchos minutos de trabajo- cancel\u00e1ndose ellos mismos con errores extra\u00f1os. Ya nadie pide informaci\u00f3n y no se puede tomar decisiones con su ayuda. <\/li><li>Es dif\u00edcil de usar. Los operadores ya se conocen muchos de estos fallos (como a\u00f1adir l\u00edneas de factura en alg\u00fan lugar intermedio sin avisar) e intentan rodear el error. <\/li><\/ul>\n\n\n\n<p>Vamos, que est\u00e1 para cambiarlo sin mirar atr\u00e1s. Ha sido mucho dinero (calculo que cerca de 40.000\u20ac estos a\u00f1os) y no parece haber esperanza de arreglo. El muchacho externo, l\u00f3gicamente, trabaja mejor con proyectos nuevos como el que ha aparecido esta ma\u00f1ana y del que hablar\u00e9 ahora. Y le entiendo. Pero es como poner un apa\u00f1o brillante y pulido en una m\u00e1quina vieja y oxidada. <\/p>\n\n\n\n<p>El nuevo proyecto surge de la <em>necesidad<\/em> de que nuestros clientes puedan consultar precios en la p\u00e1gina web. Para ello ser\u00eda necesario establecer un puente de datos desde <em>odoo<\/em> a <em>prestahosp<\/em>. Al comienzo en una direcci\u00f3n y con un \u00e1mbito concreto pero ser\u00eda la base para terminar vendiendo a trav\u00e9s de la web. Algo que nuestra competencia ya hace en su mayor\u00eda y nosotros no. Ha despertado cierta ilusi\u00f3n en m\u00ed por dos razones: trabajar\u00edamos con el otro muchacho externo, el que lleva Prestashop en nuestro servidor y que funciona bien, y porque yo podr\u00eda participar de alg\u00fan modo. <\/p>\n\n\n\n<p>Bien, en realidad participar\u00eda mucho y eso es lo que me gusta. Poder volver a sentirme \u00fatil con esas peque\u00f1eces que hacen que los dem\u00e1s crean que eres \u00fatil. Mantener los sistemas no tiene <em>glamour<\/em>. <\/p>\n","protected":false},"excerpt":{"rendered":"<p>Y espero que para bien. Ya hay demasiados ejemplos de personas al mando que dejan que todo se pudra para aplicar situaciones de emergencia y justificar as\u00ed la inacci\u00f3n anterior.<\/p>\n","protected":false},"author":1,"featured_media":0,"comment_status":"open","ping_status":"open","sticky":false,"template":"","format":"standard","meta":{"webmentions_disabled_pings":false,"webmentions_disabled":false,"footnotes":""},"categories":[16],"tags":[35,61],"class_list":["post-315","post","type-post","status-publish","format-standard","hentry","category-explicaciones","tag-odoo","tag-prestashop","content-box"],"_links":{"self":[{"href":"https:\/\/esferas.org\/mldt\/wp-json\/wp\/v2\/posts\/315","targetHints":{"allow":["GET"]}}],"collection":[{"href":"https:\/\/esferas.org\/mldt\/wp-json\/wp\/v2\/posts"}],"about":[{"href":"https:\/\/esferas.org\/mldt\/wp-json\/wp\/v2\/types\/post"}],"author":[{"embeddable":true,"href":"https:\/\/esferas.org\/mldt\/wp-json\/wp\/v2\/users\/1"}],"replies":[{"embeddable":true,"href":"https:\/\/esferas.org\/mldt\/wp-json\/wp\/v2\/comments?post=315"}],"version-history":[{"count":1,"href":"https:\/\/esferas.org\/mldt\/wp-json\/wp\/v2\/posts\/315\/revisions"}],"predecessor-version":[{"id":316,"href":"https:\/\/esferas.org\/mldt\/wp-json\/wp\/v2\/posts\/315\/revisions\/316"}],"wp:attachment":[{"href":"https:\/\/esferas.org\/mldt\/wp-json\/wp\/v2\/media?parent=315"}],"wp:term":[{"taxonomy":"category","embeddable":true,"href":"https:\/\/esferas.org\/mldt\/wp-json\/wp\/v2\/categories?post=315"},{"taxonomy":"post_tag","embeddable":true,"href":"https:\/\/esferas.org\/mldt\/wp-json\/wp\/v2\/tags?post=315"}],"curies":[{"name":"wp","href":"https:\/\/api.w.org\/{rel}","templated":true}]}}