{"id":479,"date":"2014-10-14T12:01:12","date_gmt":"2014-10-14T10:01:12","guid":{"rendered":"http:\/\/blog.venexma.net\/?p=188"},"modified":"2014-10-14T12:01:12","modified_gmt":"2014-10-14T10:01:12","slug":"hemos-sufrido-lo-nuestro-con-el-cambio-en-el-ldap","status":"publish","type":"post","link":"https:\/\/esferas.org\/mldt\/hemos-sufrido-lo-nuestro-con-el-cambio-en-el-ldap\/","title":{"rendered":"Hemos sufrido lo nuestro con el cambio en el LDAP"},"content":{"rendered":"<p>Pero ahora parece que las cosas vuelven a su cauce. El principal problema ha sido que las cuentas en la m\u00e1quina <em>helena<\/em> no acced\u00edan a LDAP; ten\u00edan su propia base de usuarios en <em><span style=\"text-decoration: underline\">\/etc\/passwd<\/span><\/em><em> <\/em>y ha sido necesario localizar y reemplazar los identificadores num\u00e9ricos de usuarios y grupos en los archivos y bases de datos de la m\u00e1quina.<\/p>\n<p>Por el mismo motivo tuvimos problemas con el montaje de red (v\u00eda NFS) de los archivos <em>csv<\/em> que genera Adriano. Ahora ya es estable pero he tenido que reiniciar sistemas en m\u00e1s de una ocasi\u00f3n.<\/p>\n<p>&nbsp;<\/p>\n","protected":false},"excerpt":{"rendered":"<p>Pero ahora parece que las cosas vuelven a su cauce. El principal problema ha sido que las cuentas en la m\u00e1quina helena no acced\u00edan a LDAP; ten\u00edan su propia base de usuarios en \/etc\/passwd y ha sido necesario localizar y reemplazar los identificadores num\u00e9ricos de usuarios y grupos en los archivos y bases de datos&#8230;<\/p>\n<p><a class=\"more-link\" href=\"https:\/\/esferas.org\/mldt\/hemos-sufrido-lo-nuestro-con-el-cambio-en-el-ldap\/\">Continue&nbsp;<i class=\"fa fa-angle-right\"><\/i><\/a><\/p>\n","protected":false},"author":1,"featured_media":0,"comment_status":"open","ping_status":"open","sticky":false,"template":"","format":"standard","meta":{"webmentions_disabled_pings":false,"webmentions_disabled":false,"footnotes":""},"categories":[121],"tags":[157,163],"class_list":["post-479","post","type-post","status-publish","format-standard","hentry","category-el-dia-a-dia","tag-helena","tag-ldap","content-box"],"_links":{"self":[{"href":"https:\/\/esferas.org\/mldt\/wp-json\/wp\/v2\/posts\/479","targetHints":{"allow":["GET"]}}],"collection":[{"href":"https:\/\/esferas.org\/mldt\/wp-json\/wp\/v2\/posts"}],"about":[{"href":"https:\/\/esferas.org\/mldt\/wp-json\/wp\/v2\/types\/post"}],"author":[{"embeddable":true,"href":"https:\/\/esferas.org\/mldt\/wp-json\/wp\/v2\/users\/1"}],"replies":[{"embeddable":true,"href":"https:\/\/esferas.org\/mldt\/wp-json\/wp\/v2\/comments?post=479"}],"version-history":[{"count":0,"href":"https:\/\/esferas.org\/mldt\/wp-json\/wp\/v2\/posts\/479\/revisions"}],"wp:attachment":[{"href":"https:\/\/esferas.org\/mldt\/wp-json\/wp\/v2\/media?parent=479"}],"wp:term":[{"taxonomy":"category","embeddable":true,"href":"https:\/\/esferas.org\/mldt\/wp-json\/wp\/v2\/categories?post=479"},{"taxonomy":"post_tag","embeddable":true,"href":"https:\/\/esferas.org\/mldt\/wp-json\/wp\/v2\/tags?post=479"}],"curies":[{"name":"wp","href":"https:\/\/api.w.org\/{rel}","templated":true}]}}