{"id":490,"date":"2016-05-26T10:57:47","date_gmt":"2016-05-26T10:57:47","guid":{"rendered":"https:\/\/blog.venexma.net\/?p=260"},"modified":"2016-05-26T10:57:47","modified_gmt":"2016-05-26T10:57:47","slug":"preparando-el-entorno-para-odoo","status":"publish","type":"post","link":"https:\/\/esferas.org\/mldt\/preparando-el-entorno-para-odoo\/","title":{"rendered":"Preparando el entorno para odoo &#8230;"},"content":{"rendered":"<p>&#8230; tras la conversaci\u00f3n con Carlos Catalina de Aselcis.<\/p>\n<p><!--more--><\/p>\n<p>Aunque me he dejado en casa los papeles que hab\u00eda preparado el d\u00eda anterior conozco tanto los sistemas que es dif\u00edcil que se me pase algo. Le he explicado cu\u00e1l es nuestra infraestructura actual y hemos quedado en lo siguiente:<\/p>\n<ul>\n<li>Destinaremos la m\u00e1quina <em>backups.venexma.net<\/em> por completo a odoo. Sin virtualizaci\u00f3n ni nada.<\/li>\n<li>El sistema operativo ser\u00e1 Ubuntu Server LTS.<\/li>\n<li>El nuevo nombre de la m\u00e1quina es <em>erp.venexma.net<\/em><\/li>\n<li>Necesitar\u00e1 una cuenta con permisos administrativos.<\/li>\n<li>Inicialmente los puertos son los siguientes: 372 (SSH redirigido expresamente desde <em>barbacana.venexma.net<\/em>), 443, 80, 8069 y 5432. Algunos se cerrar\u00e1n despu\u00e9s de la puesta en marcha.<\/li>\n<li>Precisaremos tambi\u00e9n de una cuenta de correo para que <em>odoo<\/em> pueda enviar mensajes: <em>erp@venexma.net<\/em>.<\/li>\n<li>Las particiones de los discos me las dir\u00e1 Carlos.<\/li>\n<\/ul>\n<p>Tengo mucho trabajo por delante.<\/p>\n<p>&nbsp;<\/p>\n","protected":false},"excerpt":{"rendered":"<p>&#8230; tras la conversaci\u00f3n con Carlos Catalina de Aselcis.<\/p>\n","protected":false},"author":1,"featured_media":0,"comment_status":"open","ping_status":"open","sticky":false,"template":"","format":"standard","meta":{"webmentions_disabled_pings":false,"webmentions_disabled":false,"footnotes":""},"categories":[121],"tags":[35,190,59],"class_list":["post-490","post","type-post","status-publish","format-standard","hentry","category-el-dia-a-dia","tag-odoo","tag-servidor","tag-ubuntu","content-box"],"_links":{"self":[{"href":"https:\/\/esferas.org\/mldt\/wp-json\/wp\/v2\/posts\/490","targetHints":{"allow":["GET"]}}],"collection":[{"href":"https:\/\/esferas.org\/mldt\/wp-json\/wp\/v2\/posts"}],"about":[{"href":"https:\/\/esferas.org\/mldt\/wp-json\/wp\/v2\/types\/post"}],"author":[{"embeddable":true,"href":"https:\/\/esferas.org\/mldt\/wp-json\/wp\/v2\/users\/1"}],"replies":[{"embeddable":true,"href":"https:\/\/esferas.org\/mldt\/wp-json\/wp\/v2\/comments?post=490"}],"version-history":[{"count":0,"href":"https:\/\/esferas.org\/mldt\/wp-json\/wp\/v2\/posts\/490\/revisions"}],"wp:attachment":[{"href":"https:\/\/esferas.org\/mldt\/wp-json\/wp\/v2\/media?parent=490"}],"wp:term":[{"taxonomy":"category","embeddable":true,"href":"https:\/\/esferas.org\/mldt\/wp-json\/wp\/v2\/categories?post=490"},{"taxonomy":"post_tag","embeddable":true,"href":"https:\/\/esferas.org\/mldt\/wp-json\/wp\/v2\/tags?post=490"}],"curies":[{"name":"wp","href":"https:\/\/api.w.org\/{rel}","templated":true}]}}