{"id":492,"date":"2016-06-01T10:00:34","date_gmt":"2016-06-01T10:00:34","guid":{"rendered":"https:\/\/blog.venexma.net\/?p=270"},"modified":"2016-06-01T10:00:34","modified_gmt":"2016-06-01T10:00:34","slug":"ampliando-el-cache-de-paquetes-con-ubuntu","status":"publish","type":"post","link":"https:\/\/esferas.org\/mldt\/ampliando-el-cache-de-paquetes-con-ubuntu\/","title":{"rendered":"Ampliando el cach\u00e9 de paquetes con Ubuntu"},"content":{"rendered":"<p>El nuevo servidor para el programa <em>odoo<\/em> funciona con Ubuntu Server LTS y me ha parecido buena idea crear un nuevo repositorio v\u00eda el programa approx.<\/p>\n<p>La configuraci\u00f3n es como sigue:<\/p>\n<pre class=\"lang:default decode:true \">#       Repositorios generales propios de Debian\ndebian          http:\/\/ftp.uk.debian.org\/debian\nubuntu          http:\/\/es.archive.ubuntu.com\/ubuntu\nsecurity        http:\/\/security.debian.org\/\n<\/pre>\n<p>Luego tendr\u00e9 que revisar c\u00f3mo ha quedado en el servidor por si necesita alg\u00fan retoque.<\/p>\n","protected":false},"excerpt":{"rendered":"<p>El nuevo servidor para el programa odoo funciona con Ubuntu Server LTS y me ha parecido buena idea crear un nuevo repositorio v\u00eda el programa approx. La configuraci\u00f3n es como sigue: # Repositorios generales propios de Debian debian http:\/\/ftp.uk.debian.org\/debian ubuntu http:\/\/es.archive.ubuntu.com\/ubuntu security http:\/\/security.debian.org\/ Luego tendr\u00e9 que revisar c\u00f3mo ha quedado en el servidor por si&#8230;<\/p>\n<p><a class=\"more-link\" href=\"https:\/\/esferas.org\/mldt\/ampliando-el-cache-de-paquetes-con-ubuntu\/\">Continue&nbsp;<i class=\"fa fa-angle-right\"><\/i><\/a><\/p>\n","protected":false},"author":1,"featured_media":0,"comment_status":"open","ping_status":"open","sticky":false,"template":"","format":"standard","meta":{"webmentions_disabled_pings":false,"webmentions_disabled":false,"footnotes":""},"categories":[122],"tags":[130,35,59],"class_list":["post-492","post","type-post","status-publish","format-standard","hentry","category-en-la-fabrica","tag-approx","tag-odoo","tag-ubuntu","content-box"],"_links":{"self":[{"href":"https:\/\/esferas.org\/mldt\/wp-json\/wp\/v2\/posts\/492","targetHints":{"allow":["GET"]}}],"collection":[{"href":"https:\/\/esferas.org\/mldt\/wp-json\/wp\/v2\/posts"}],"about":[{"href":"https:\/\/esferas.org\/mldt\/wp-json\/wp\/v2\/types\/post"}],"author":[{"embeddable":true,"href":"https:\/\/esferas.org\/mldt\/wp-json\/wp\/v2\/users\/1"}],"replies":[{"embeddable":true,"href":"https:\/\/esferas.org\/mldt\/wp-json\/wp\/v2\/comments?post=492"}],"version-history":[{"count":0,"href":"https:\/\/esferas.org\/mldt\/wp-json\/wp\/v2\/posts\/492\/revisions"}],"wp:attachment":[{"href":"https:\/\/esferas.org\/mldt\/wp-json\/wp\/v2\/media?parent=492"}],"wp:term":[{"taxonomy":"category","embeddable":true,"href":"https:\/\/esferas.org\/mldt\/wp-json\/wp\/v2\/categories?post=492"},{"taxonomy":"post_tag","embeddable":true,"href":"https:\/\/esferas.org\/mldt\/wp-json\/wp\/v2\/tags?post=492"}],"curies":[{"name":"wp","href":"https:\/\/api.w.org\/{rel}","templated":true}]}}