{"id":502,"date":"2020-11-14T11:55:02","date_gmt":"2020-11-14T10:55:02","guid":{"rendered":"https:\/\/esferas.org\/mldt\/?p=502"},"modified":"2020-11-14T11:55:02","modified_gmt":"2020-11-14T10:55:02","slug":"en-algunas-areas-avanzo-y-en-otras-estoy-enfangado","status":"publish","type":"post","link":"https:\/\/esferas.org\/mldt\/en-algunas-areas-avanzo-y-en-otras-estoy-enfangado\/","title":{"rendered":"En algunas \u00e1reas avanzo y en otras estoy enfangado"},"content":{"rendered":"\n<p>En las \u00e1reas en las que avanzo estoy satisfecho con  lo logrado. Desde fuera no es mucho pero creo que los cimientos son s\u00f3lidos.<\/p>\n\n\n\n<!--more-->\n\n\n\n<p class=\"has-text-align-right\">s\u00e1bado, 14 de noviembre de 2020<\/p>\n\n\n\n<p>Entre las cosas resueltas est\u00e1 el asunto de la presencia en redes sociales de la empresa. A instancias de mi PowerUser estuve reflexionando sobre el tema de c\u00f3mo y d\u00f3nde conservar contenido publicable y llegu\u00e9 a la conclusi\u00f3n de que lo mejor era un blog. S\u00ed, igual que este pero en otro sitio. <\/p>\n\n\n\n<p>\u00bf Y por qu\u00e9 un WordPress ? Pues quitando el detalle de que lo conozco m\u00e1s o menos bien y de que tengo otros en marcha tom\u00e9 la decisi\u00f3n porque quer\u00eda un sistema que pudiese:<\/p>\n\n\n\n<ul class=\"wp-block-list\"><li>Incorporar contenido variado (textos, enlaces, im\u00e1genes, v\u00eddeos, &#8230;) <\/li><li>Permitir una edici\u00f3n f\u00e1cil (m\u00e1s o menos lo es)<\/li><li>Que sirviese de base para publicar en otros sitios (est\u00e1 en un servidor p\u00fablico de Internet)<\/li><\/ul>\n\n\n\n<p>As\u00ed que instal\u00e9 un WordPress en el servidor donde tengo el cat\u00e1logo y le dije al muchacho externo 2 que mirase de qu\u00e9 forma podr\u00edamos integrar o presentar parte del contenido del blog en la tienda. Anteriormente le hab\u00eda pedido que habilit\u00e1se las capacidades de CMS de Prestashop pero v\u00ed que ten\u00eda mucho trabajo por delante y que tampoco ten\u00eda una visi\u00f3n concreta de c\u00f3mo hacer encajar una tienda y un blog. <\/p>\n\n\n\n<p>Tambi\u00e9n est\u00e1 el hecho de que no me f\u00edo nada de Prestashop. Al igual que odoo est\u00e1 muy baqueteado y la posibilidad de instalar todo tipo de m\u00f3dulos consigue que las instalaciones pendan en ocasiones de un hilo. El desarrollador de algunos de ellos, por ejemplo, puede desaparecer secuestrado por reptilianos y te quedas sin actualizaciones de un programa que est\u00e1 entremezclado con el n\u00facleo de otro. <\/p>\n\n\n\n<p>As\u00ed que el blog est\u00e1 ya disponible, con varios detalles de presentaci\u00f3n pendientes, y una idea clara de c\u00f3mo organizarlo. En \u00e9l vamos a meter fichas de productos (para que \u00e9stos tengan una URL universal), publicaciones como cat\u00e1logos en PDF y hojas de seguridad, enlaces a noticias y sitios curiosos, ofertas, &#8230; Vamos, que ser\u00e1 la base para que PowerUser lo emplee para todo lo dem\u00e1s.<\/p>\n\n\n\n<figure class=\"wp-block-image size-large\"><a href=\"https:\/\/blog.venexma.es\"><img loading=\"lazy\" decoding=\"async\" width=\"1024\" height=\"669\" src=\"https:\/\/esferas.org\/mldt\/wp-content\/uploads\/sites\/23\/2020\/11\/image-1024x669.png\" alt=\"\" class=\"wp-image-503\" srcset=\"https:\/\/esferas.org\/mldt\/wp-content\/uploads\/sites\/23\/2020\/11\/image-1024x669.png 1024w, https:\/\/esferas.org\/mldt\/wp-content\/uploads\/sites\/23\/2020\/11\/image-300x196.png 300w, https:\/\/esferas.org\/mldt\/wp-content\/uploads\/sites\/23\/2020\/11\/image-768x502.png 768w, https:\/\/esferas.org\/mldt\/wp-content\/uploads\/sites\/23\/2020\/11\/image-960x627.png 960w, https:\/\/esferas.org\/mldt\/wp-content\/uploads\/sites\/23\/2020\/11\/image.png 1268w\" sizes=\"auto, (max-width: 1024px) 100vw, 1024px\" \/><\/a><\/figure>\n\n\n\n<p>Y dado que tenemos un blog y que el aut\u00e9ntico blog interno de la empresa es \u00e9ste he decido cerrar el que ten\u00edamos en la red interna e importar su contenido aqu\u00ed. <\/p>\n\n\n\n<hr class=\"wp-block-separator\"\/>\n\n\n\n<p>El muchacho externo 1 sigue d\u00e1ndome bastantes problemas. Esta semana el rendimiento vuelve a hacer de las suyas. A determinada hora del d\u00eda, sobre las once de la ma\u00f1ana, aquello se arrastra por los suelos y la facturaci\u00f3n se dilata en el tiempo porque el sistema responde a trompicones. <\/p>\n\n\n\n<p>El muchacho externo 1 me dijo que era cosa de la rotaci\u00f3n de registros de odoo que efectuaba el propio programa. Ni de co\u00f1a. Son unos centenares de kilobytes diarios y las copias rotadas ni siquiera est\u00e1n comprimidas. Pero como me lo ha pedido pues lo he a\u00f1adido a la rotaci\u00f3n habitual del servidor. Es otra cosa seguro. Posiblemente un proceso interno, desde luego, pero a\u00fan no sabemos qu\u00e9 es. Y muy posiblemente \u00e9l tambi\u00e9n est\u00e1 dando palos de ciego y no porque no sepa, es porque no le pone inter\u00e9s hasta que no lo vea como proyecto remunerado. Hoy se lo voy a proponer, ya que tenemos el sistema como \u00e9l quer\u00eda en su infame informe cobrado, y ver\u00e1s como s\u00ed que lo encuentra.<\/p>\n\n\n\n<p>El caso es que no se da por aludido y sigue a su bola. Organiz\u00f3 una <em>call conference<\/em> de las suyas que me pone de muy mala hostia y al final tuvimos que posponerla porque envi\u00f3 el informe de resultados justo a la hora que ten\u00edamos que empezar. Llevaba pedido varios d\u00edas antes en varias ocasiones pero el dio igual porque s\u00ed. <\/p>\n\n\n\n<p>En el informe enviado tanto lo efectuado como lo por efectuar resulta initeligible. Nadie sabe a qu\u00e9 se refiere ni de qu\u00e9 habla. S\u00f3lo pudimos averiguar en uno de los puntos que lo entregado funcionaba. Ahora bien, funciona porque es un puto esqueleto montado con cuatro bloques, \u00e9l ni siquiera ha llegado a probarlo y mucho menos a utilizarlo. Y encima los resultados est\u00e1n en un hoja de c\u00e1lculo pelados. Ni se desglosan para ver de d\u00f3nde vienen las cifras ni realiza los c\u00e1lculos que muestran los porcentajes de diferencia. Total, s\u00f3lo se lo hab\u00edamos pedido. <\/p>\n\n\n\n<div class=\"wp-block-image\"><figure class=\"aligncenter size-large\"><img loading=\"lazy\" decoding=\"async\" width=\"960\" height=\"769\" src=\"https:\/\/esferas.org\/mldt\/wp-content\/uploads\/sites\/23\/2020\/11\/image-1.png\" alt=\"\" class=\"wp-image-505\" srcset=\"https:\/\/esferas.org\/mldt\/wp-content\/uploads\/sites\/23\/2020\/11\/image-1.png 960w, https:\/\/esferas.org\/mldt\/wp-content\/uploads\/sites\/23\/2020\/11\/image-1-300x240.png 300w, https:\/\/esferas.org\/mldt\/wp-content\/uploads\/sites\/23\/2020\/11\/image-1-768x615.png 768w\" sizes=\"auto, (max-width: 960px) 100vw, 960px\" \/><\/figure><\/div>\n\n\n\n<p>La entrada de rangos de fechas es as\u00ed de cruda. Como el resto del interfaz. <\/p>\n\n\n\n<p>Tengo que contestarle con mucho cuidado para que se centre en los problemas reales, como la informaci\u00f3n contable perdida y que no se puede regenerar, y se deje de desarrollos nuevos. <\/p>\n\n\n\n<p>Ah, y buscar a otro desarrollador. Las horas disponibles de este mel\u00f3n han pasado de ocho a cinco semanales. Y dale molino. Que es por proyectos, que me la suda lo que tardes mientras no te pases de la fecha de entrega. Es m\u00e1s, mel\u00f3n, queremos una fecha de entrega.<\/p>\n","protected":false},"excerpt":{"rendered":"<p>En las \u00e1reas en las que avanzo estoy satisfecho con lo logrado. Desde fuera no es mucho pero creo que los cimientos son s\u00f3lidos.<\/p>\n","protected":false},"author":1,"featured_media":0,"comment_status":"open","ping_status":"open","sticky":false,"template":"","format":"standard","meta":{"webmentions_disabled_pings":false,"webmentions_disabled":false,"footnotes":""},"categories":[3],"tags":[96,35,118],"class_list":["post-502","post","type-post","status-publish","format-standard","hentry","category-logros","tag-muchacho-externo","tag-odoo","tag-wordpress","content-box"],"_links":{"self":[{"href":"https:\/\/esferas.org\/mldt\/wp-json\/wp\/v2\/posts\/502","targetHints":{"allow":["GET"]}}],"collection":[{"href":"https:\/\/esferas.org\/mldt\/wp-json\/wp\/v2\/posts"}],"about":[{"href":"https:\/\/esferas.org\/mldt\/wp-json\/wp\/v2\/types\/post"}],"author":[{"embeddable":true,"href":"https:\/\/esferas.org\/mldt\/wp-json\/wp\/v2\/users\/1"}],"replies":[{"embeddable":true,"href":"https:\/\/esferas.org\/mldt\/wp-json\/wp\/v2\/comments?post=502"}],"version-history":[{"count":2,"href":"https:\/\/esferas.org\/mldt\/wp-json\/wp\/v2\/posts\/502\/revisions"}],"predecessor-version":[{"id":506,"href":"https:\/\/esferas.org\/mldt\/wp-json\/wp\/v2\/posts\/502\/revisions\/506"}],"wp:attachment":[{"href":"https:\/\/esferas.org\/mldt\/wp-json\/wp\/v2\/media?parent=502"}],"wp:term":[{"taxonomy":"category","embeddable":true,"href":"https:\/\/esferas.org\/mldt\/wp-json\/wp\/v2\/categories?post=502"},{"taxonomy":"post_tag","embeddable":true,"href":"https:\/\/esferas.org\/mldt\/wp-json\/wp\/v2\/tags?post=502"}],"curies":[{"name":"wp","href":"https:\/\/api.w.org\/{rel}","templated":true}]}}