{"id":312,"date":"2010-04-09T18:02:30","date_gmt":"2010-04-09T18:02:30","guid":{"rendered":"http:\/\/esferas.org\/msqlu\/2010\/04\/09\/nueva-herramienta-fija\/"},"modified":"2010-04-09T18:02:30","modified_gmt":"2010-04-09T18:02:30","slug":"nueva-herramienta-fija","status":"publish","type":"post","link":"https:\/\/esferas.org\/msqlu\/2010\/04\/09\/nueva-herramienta-fija\/","title":{"rendered":"Nueva herramienta fija"},"content":{"rendered":"<p><a href=\"\/dotclear\/public\/foto2010-04-09T18_21_38-000003.jpg\" title=\"vulcan 1\"><img decoding=\"async\" src=\"\/dotclear\/public\/.foto2010-04-09T18_21_38-000003_s.jpg\" alt=\"vulcan 1\" style=\"float:left;margin: 0 1em 1em 0\" title=\"vulcan 1, Apr 2010\" \/><\/a><br \/>\nEsta me ha costado m\u00e1s. Tanto fijarla a la encimera de la mesa del taller como decidirme a hacerlo.<\/p>\n<p><!--more--><\/p>\n<p>A\u00fan tengo algunas dudas pero creo fr\u00edamente que es lo mejor para ponerme manos a la obra con algunos proyectos en piel que tengo pensados desde hace tiempo, como una funda para esta c\u00e1mara que a la que tanto uso estoy dando \u00faltimamente.  Adem\u00e1s puede servirme como presa para otras cosas o eso espero.<\/p>\n<p><a href=\"\/dotclear\/public\/foto2010-04-09T18_22_12-000005.jpg\" title=\"vulcan 2\"><img decoding=\"async\" src=\"\/dotclear\/public\/.foto2010-04-09T18_22_12-000005_t.jpg\" alt=\"vulcan 2\" style=\"margin:0 auto\" title=\"vulcan 2, Apr 2010\" \/><\/a><\/p>\n<p>Y no he podido resistirme a hacerle una foto a \u00abNoche\u00bb, que asomaba por una especie de madriguera que ha adoptado en el cuarto, formada por la estanter\u00eda m\u00f3vil, una mesa de madera de cuando Laura era peque\u00f1a y una cuna de mu\u00f1ecas. Siempre se esconde ah\u00ed cuando necesita intimidad.<\/p>\n<p><a href=\"\/dotclear\/public\/foto2010-04-09T18_24_00-000010.jpg\" title=\"noche asomando\"><img decoding=\"async\" src=\"\/dotclear\/public\/.foto2010-04-09T18_24_00-000010_t.jpg\" alt=\"noche asomando\" style=\"margin:0 auto\" title=\"noche asomando, Apr 2010\" \/><\/a><\/p>\n","protected":false},"excerpt":{"rendered":"<p>Esta me ha costado m\u00e1s. Tanto fijarla a la encimera de la mesa del taller como decidirme a hacerlo.<\/p>\n","protected":false},"author":1,"featured_media":0,"comment_status":"open","ping_status":"closed","sticky":false,"template":"","format":"standard","meta":{"_import_markdown_pro_load_document_selector":0,"_import_markdown_pro_submit_text_textarea":"","webmentions_disabled_pings":false,"webmentions_disabled":false,"footnotes":""},"categories":[3],"tags":[235,227],"class_list":["post-312","post","type-post","status-publish","format-standard","hentry","category-personal","tag-herramientas","tag-noche"],"_links":{"self":[{"href":"https:\/\/esferas.org\/msqlu\/wp-json\/wp\/v2\/posts\/312","targetHints":{"allow":["GET"]}}],"collection":[{"href":"https:\/\/esferas.org\/msqlu\/wp-json\/wp\/v2\/posts"}],"about":[{"href":"https:\/\/esferas.org\/msqlu\/wp-json\/wp\/v2\/types\/post"}],"author":[{"embeddable":true,"href":"https:\/\/esferas.org\/msqlu\/wp-json\/wp\/v2\/users\/1"}],"replies":[{"embeddable":true,"href":"https:\/\/esferas.org\/msqlu\/wp-json\/wp\/v2\/comments?post=312"}],"version-history":[{"count":0,"href":"https:\/\/esferas.org\/msqlu\/wp-json\/wp\/v2\/posts\/312\/revisions"}],"wp:attachment":[{"href":"https:\/\/esferas.org\/msqlu\/wp-json\/wp\/v2\/media?parent=312"}],"wp:term":[{"taxonomy":"category","embeddable":true,"href":"https:\/\/esferas.org\/msqlu\/wp-json\/wp\/v2\/categories?post=312"},{"taxonomy":"post_tag","embeddable":true,"href":"https:\/\/esferas.org\/msqlu\/wp-json\/wp\/v2\/tags?post=312"}],"curies":[{"name":"wp","href":"https:\/\/api.w.org\/{rel}","templated":true}]}}