{"id":3468,"date":"2020-03-07T12:22:00","date_gmt":"2020-03-07T11:22:00","guid":{"rendered":"https:\/\/esferas.org\/msqlu\/?p=3468"},"modified":"2020-03-08T12:47:17","modified_gmt":"2020-03-08T11:47:17","slug":"escepticos-en-el-pub-si-escuece-cura","status":"publish","type":"post","link":"https:\/\/esferas.org\/msqlu\/2020\/03\/07\/escepticos-en-el-pub-si-escuece-cura\/","title":{"rendered":"Esc\u00e9pticos en el pub: Si escuece, cura"},"content":{"rendered":"\n<div class=\"wp-block-media-text alignwide\" style=\"grid-template-columns:15% auto\"><figure class=\"wp-block-media-text__media\"><img loading=\"lazy\" decoding=\"async\" width=\"412\" height=\"800\" src=\"https:\/\/esferas.org\/msqlu\/wp-content\/uploads\/sites\/12\/2015\/02\/thinking_caveman.png\" alt=\"\" class=\"wp-image-561\" srcset=\"https:\/\/esferas.org\/msqlu\/wp-content\/uploads\/sites\/12\/2015\/02\/thinking_caveman.png 412w, https:\/\/esferas.org\/msqlu\/wp-content\/uploads\/sites\/12\/2015\/02\/thinking_caveman-155x300.png 155w\" sizes=\"auto, (max-width: 412px) 100vw, 412px\" \/><\/figure><div class=\"wp-block-media-text__content\"><div class='__iawmlf-post-loop-links' style='display:none;' data-iawmlf-post-links='[{&quot;id&quot;:347,&quot;href&quot;:&quot;http:\\\/\\\/lema.rae.es\\\/dpd\\\/?key=membrec%C3%ADa&quot;,&quot;archived_href&quot;:&quot;&quot;,&quot;redirect_href&quot;:&quot;&quot;,&quot;checks&quot;:[],&quot;broken&quot;:false,&quot;last_checked&quot;:null,&quot;process&quot;:&quot;done&quot;},{&quot;id&quot;:348,&quot;href&quot;:&quot;http:\\\/\\\/www.escepticos.es\\\/sobre-ARP-SAPC&quot;,&quot;archived_href&quot;:&quot;https:\\\/\\\/web-wp.archive.org\\\/web\\\/20250529101949\\\/https:\\\/\\\/www.escepticos.es\\\/sobre-ARP-SAPC&quot;,&quot;redirect_href&quot;:&quot;&quot;,&quot;checks&quot;:[{&quot;date&quot;:&quot;2026-04-15 11:59:08&quot;,&quot;http_code&quot;:503}],&quot;broken&quot;:false,&quot;last_checked&quot;:{&quot;date&quot;:&quot;2026-04-15 11:59:08&quot;,&quot;http_code&quot;:503},&quot;process&quot;:&quot;done&quot;},{&quot;id&quot;:349,&quot;href&quot;:&quot;http:\\\/\\\/www.edicionescalamo.es\\\/libro\\\/si-escuece-cura&quot;,&quot;archived_href&quot;:&quot;https:\\\/\\\/web-wp.archive.org\\\/web\\\/20260211063943\\\/https:\\\/\\\/www.edicionescalamo.es\\\/libro\\\/si-escuece-cura\\\/&quot;,&quot;redirect_href&quot;:&quot;&quot;,&quot;checks&quot;:[{&quot;date&quot;:&quot;2026-04-15 11:59:21&quot;,&quot;http_code&quot;:206}],&quot;broken&quot;:false,&quot;last_checked&quot;:{&quot;date&quot;:&quot;2026-04-15 11:59:21&quot;,&quot;http_code&quot;:206},&quot;process&quot;:&quot;done&quot;}]'><\/div>\n<p class=\"has-large-font-size\">Hac\u00eda varios a\u00f1os que no acud\u00eda a una de estas charlas. Ayer fui a una en compa\u00f1\u00eda de \u00c1ngel. <\/p>\n<\/div><\/div>\n\n\n\n<!--more-->\n\n\n\n<div class=\"wp-block-image\"><figure class=\"alignright\"><img decoding=\"async\" src=\"http:\/\/www.escepticos.es\/sites\/default\/files\/users\/epmadrid\/20200307-EeeP_Madrid_SD.webp\" alt=\"Si escuece, cura: malas pr\u00e1cticas de salud al descubierto.\"\/><\/figure><\/div>\n\n\n\n<p>Pero en esta ocasi\u00f3n estreno pertenencia o <a href=\"http:\/\/lema.rae.es\/dpd\/?key=membrec%C3%ADa\">membrec\u00eda<\/a> a la <a href=\"http:\/\/www.escepticos.es\/sobre-ARP-SAPC\">ARP-Sociedad para el Avance del Pensamiento Cr\u00edtico (ARP-SAPC)<\/a> -despu\u00e9s de no decidirme durante varios a\u00f1os- y he cre\u00eddo que retomar estas actividades ser\u00eda hacerlo con buen pie.<\/p>\n\n\n\n<p>Y a pesar de que el local no es lo m\u00e1s adecuado (empiezo a creer de verdad que no hay un <em>pub<\/em> que realmente se adapte a un auditorio, que las columnas est\u00e1n y estar\u00e1n y que el propio espacio seguir\u00e1 siendo m\u00e1s adecuado a confidencias entre copas que a escuchar narraciones) la charla de ayer volvi\u00f3 a merecer la pena. <\/p>\n\n\n\n<div class=\"wp-block-image\"><figure class=\"alignleft\"><img decoding=\"async\" src=\"http:\/\/www.edicionescalamo.es\/uploads\/imagenes\/libros\/portada\/201911\/portada-portada_1-es.jpg\" alt=\"Portada\"\/><\/figure><\/div>\n\n\n\n<p>Esther Samper tiene un ritmo curioso para exponer sus ideas. Necesita un calentamiento previo, como si no se sintiese muy segura de si lo que dice es lo adecuado a la audiencia de ese momento, pero al rato va sobrada de argumentos e ideas y te engancha a la historia. Se basa en su libro <a href=\"http:\/\/www.edicionescalamo.es\/libro\/si-escuece-cura\/\">Si escuece, cura<\/a> en la que desmitifica medio centenar de mitos relacionados con la salud y la medicina. Yo lo tengo como autoregalo de navidad y lo llev\u00e9 para que me lo firmase. <\/p>\n\n\n\n<p>Al final de la exposici\u00f3n hubo un turno de preguntas sobre los diez minutos que expuso y hay un par de cuestiones que me llamaron la atenci\u00f3n: la primera es una pregunta que hizo un chaval que asist\u00eda sobre si los virus estaban vivos o muertos o qu\u00e9. Muy ocurrente, me ha recordado el debate y que tengo alg\u00fan libro por aqu\u00ed que habla de ello (me lo apunto). <\/p>\n\n\n\n<p>La segunda la hizo -creo-  alguien de la asociaci\u00f3n y comentaba que era curioso que de los diez mitos, nueve estuviesen basados en problemas reales y soluciones err\u00f3neas, mientras que el d\u00e9cimo era sobre un problema irreal con una soluci\u00f3n, tambi\u00e9n, err\u00f3nea y cara. <\/p>\n\n\n\n<p>Se refer\u00eda a las curas <em>detox<\/em> que efectivamente funcionan estupendamente desde hace tiempo (m\u00e1s o menos en el nacimiento) mientras tengas un h\u00edgado y unos ri\u00f1ones en condiciones. Que para qu\u00e9 m\u00e1s e, incluso, que eso de tomar a lo tonto cantidades ingentes de plantas y otros puede conseguir el efecto contrario. <\/p>\n\n\n\n<p><\/p>\n","protected":false},"excerpt":{"rendered":"<p>Hac\u00eda varios a\u00f1os que no acud\u00eda a una de estas charlas. Ayer fui a una en compa\u00f1\u00eda de \u00c1ngel.<\/p>\n","protected":false},"author":1,"featured_media":0,"comment_status":"open","ping_status":"open","sticky":false,"template":"","format":"standard","meta":{"_import_markdown_pro_load_document_selector":0,"_import_markdown_pro_submit_text_textarea":"","webmentions_disabled_pings":false,"webmentions_disabled":false,"footnotes":""},"categories":[10],"tags":[992,61,993,276,994,337],"class_list":["post-3468","post","type-post","status-publish","format-standard","hentry","category-intereses","tag-arp-sapc","tag-escepticismo","tag-esther-samper","tag-medicina","tag-mitos","tag-salud"],"_links":{"self":[{"href":"https:\/\/esferas.org\/msqlu\/wp-json\/wp\/v2\/posts\/3468","targetHints":{"allow":["GET"]}}],"collection":[{"href":"https:\/\/esferas.org\/msqlu\/wp-json\/wp\/v2\/posts"}],"about":[{"href":"https:\/\/esferas.org\/msqlu\/wp-json\/wp\/v2\/types\/post"}],"author":[{"embeddable":true,"href":"https:\/\/esferas.org\/msqlu\/wp-json\/wp\/v2\/users\/1"}],"replies":[{"embeddable":true,"href":"https:\/\/esferas.org\/msqlu\/wp-json\/wp\/v2\/comments?post=3468"}],"version-history":[{"count":3,"href":"https:\/\/esferas.org\/msqlu\/wp-json\/wp\/v2\/posts\/3468\/revisions"}],"predecessor-version":[{"id":3471,"href":"https:\/\/esferas.org\/msqlu\/wp-json\/wp\/v2\/posts\/3468\/revisions\/3471"}],"wp:attachment":[{"href":"https:\/\/esferas.org\/msqlu\/wp-json\/wp\/v2\/media?parent=3468"}],"wp:term":[{"taxonomy":"category","embeddable":true,"href":"https:\/\/esferas.org\/msqlu\/wp-json\/wp\/v2\/categories?post=3468"},{"taxonomy":"post_tag","embeddable":true,"href":"https:\/\/esferas.org\/msqlu\/wp-json\/wp\/v2\/tags?post=3468"}],"curies":[{"name":"wp","href":"https:\/\/api.w.org\/{rel}","templated":true}]}}