{"id":4276,"date":"2022-02-05T20:00:00","date_gmt":"2022-02-05T19:00:00","guid":{"rendered":"https:\/\/esferas.org\/msqlu\/?p=4276"},"modified":"2022-02-07T16:06:08","modified_gmt":"2022-02-07T15:06:08","slug":"danza-el-pequeno-pais-del-swing","status":"publish","type":"post","link":"https:\/\/esferas.org\/msqlu\/2022\/02\/05\/danza-el-pequeno-pais-del-swing\/","title":{"rendered":"Danza: El peque\u00f1o pa\u00eds del Swing"},"content":{"rendered":"<div class='__iawmlf-post-loop-links' style='display:none;' data-iawmlf-post-links='[{&quot;id&quot;:102,&quot;href&quot;:&quot;https:\\\/\\\/www.indigojazzmusic.com\\\/pequeswing&quot;,&quot;archived_href&quot;:&quot;https:\\\/\\\/web-wp.archive.org\\\/web\\\/20260124135535\\\/https:\\\/\\\/www.indigojazzmusic.com\\\/pequeswing&quot;,&quot;redirect_href&quot;:&quot;&quot;,&quot;checks&quot;:[{&quot;date&quot;:&quot;2026-04-15 10:13:00&quot;,&quot;http_code&quot;:200},{&quot;date&quot;:&quot;2026-04-19 09:31:14&quot;,&quot;http_code&quot;:200},{&quot;date&quot;:&quot;2026-04-29 14:01:10&quot;,&quot;http_code&quot;:200}],&quot;broken&quot;:false,&quot;last_checked&quot;:{&quot;date&quot;:&quot;2026-04-29 14:01:10&quot;,&quot;http_code&quot;:200},&quot;process&quot;:&quot;done&quot;},{&quot;id&quot;:103,&quot;href&quot;:&quot;https:\\\/\\\/www.indigojazzmusic.com&quot;,&quot;archived_href&quot;:&quot;https:\\\/\\\/web-wp.archive.org\\\/web\\\/20260210131135\\\/https:\\\/\\\/www.indigojazzmusic.com\\\/&quot;,&quot;redirect_href&quot;:&quot;&quot;,&quot;checks&quot;:[{&quot;date&quot;:&quot;2026-04-15 10:13:05&quot;,&quot;http_code&quot;:200},{&quot;date&quot;:&quot;2026-04-19 09:31:20&quot;,&quot;http_code&quot;:200},{&quot;date&quot;:&quot;2026-04-29 14:01:11&quot;,&quot;http_code&quot;:200}],&quot;broken&quot;:false,&quot;last_checked&quot;:{&quot;date&quot;:&quot;2026-04-29 14:01:11&quot;,&quot;http_code&quot;:200},&quot;process&quot;:&quot;done&quot;}]'><\/div>\n<p>El s\u00e1bado pasado asist\u00ed a un espect\u00e1culo de danza y canto del estilo Swing que estuvo verdaderamente bien. Un poco m\u00e1s largo de lo que deber\u00eda &#8230;<\/p>\n\n\n\n<!--more-->\n\n\n\n<p>&#8230; ya que estaba pensado en parte para ni\u00f1os, pero con muy buena calidad. Y como dicen del precio en las comidas, si la calidad es buena el precio se olvida. <\/p>\n\n\n\n<div class=\"wp-block-image\"><figure class=\"aligncenter size-full\"><a href=\"https:\/\/www.indigojazzmusic.com\/pequeswing\"><img loading=\"lazy\" decoding=\"async\" width=\"465\" height=\"652\" src=\"https:\/\/esferas.org\/msqlu\/wp-content\/uploads\/sites\/12\/2022\/02\/imagen.png\" alt=\"\" class=\"wp-image-4277\" srcset=\"https:\/\/esferas.org\/msqlu\/wp-content\/uploads\/sites\/12\/2022\/02\/imagen.png 465w, https:\/\/esferas.org\/msqlu\/wp-content\/uploads\/sites\/12\/2022\/02\/imagen-214x300.png 214w\" sizes=\"auto, (max-width: 465px) 100vw, 465px\" \/><\/a><\/figure><\/div>\n\n\n\n<p>El espect\u00e1culo lo crea la compa\u00f1\u00eda <a rel=\"noreferrer noopener\" href=\"https:\/\/www.indigojazzmusic.com\/\" target=\"_blank\">\u00cdndigo Jazz<\/a>, dura cerca de una hora y te cuenta con m\u00fasica peque\u00f1as historias que van hilando otra mayor. Es igual, es tan musical y visualmente potente que la historia es lo de menos. Para los ni\u00f1os no, supongo, pero para m\u00ed s\u00ed que fue relajante y divertido. <\/p>\n\n\n\n<p>Me encontr\u00e9 varias veces moviendo piernas y torso al comp\u00e1s de las canciones. E incluso en otros llegu\u00e9 a verlos como un todo. Era la suma del baile, los m\u00fasicos y las luces lo que me abstra\u00eda y me transportaba. Algo parecido sent\u00ed con el anterior, el de <a href=\"https:\/\/esferas.org\/msqlu\/2021\/11\/27\/teatro-danza-lota-las-mujeres-del-carbon\/\" data-type=\"post\" data-id=\"4231\">flamenco<\/a>, y no s\u00e9 si sentirme preocupado o no. Hay demasiadas personas que est\u00e1n totalmente <em>metidas<\/em> en la letra, la melod\u00eda, que se aprenden nombres y vidas de los compositores, los int\u00e9rpretes, &#8230; Yo no soy capaz o no le he visto la gracia. <\/p>\n\n\n\n<p>En fin, que no me arrepiento de los 14\u20ac que me cost\u00f3 la entrada en un mes que se presenta bastante complicado. <\/p>\n\n\n\n<p>Ah, alg\u00fan peque\u00f1o detalle que otro como la t\u00edpica familia locatis (de los cojones) que no dejaba de hablar en la fila de atr\u00e1s pero se me olvidaba r\u00e1pido. <\/p>\n\n\n\n<p>Muy recomendable. <\/p>\n","protected":false},"excerpt":{"rendered":"<p>El s\u00e1bado pasado asist\u00ed a un espect\u00e1culo de danza y canto del estilo Swing que estuvo verdaderamente bien. Un poco m\u00e1s largo de lo que deber\u00eda &#8230;<\/p>\n","protected":false},"author":1,"featured_media":0,"comment_status":"open","ping_status":"open","sticky":false,"template":"","format":"standard","meta":{"_import_markdown_pro_load_document_selector":0,"_import_markdown_pro_submit_text_textarea":"","webmentions_disabled_pings":false,"webmentions_disabled":false,"footnotes":""},"categories":[784],"tags":[1149,1152,1146,1129,1147,1145,1148,1150,1144,1151,1153,1143,1126],"class_list":["post-4276","post","type-post","status-publish","format-standard","hentry","category-teatro","tag-carlos-cayuela","tag-cuca-albert","tag-daniel-cabrera","tag-danza","tag-david-herrington","tag-gerardo-ramos","tag-hector-garcia-roel","tag-javier-bruna","tag-maite-marin","tag-marcos-prieto","tag-pier-bruera","tag-swing","tag-teatro-municipal-de-moralzarzal"],"_links":{"self":[{"href":"https:\/\/esferas.org\/msqlu\/wp-json\/wp\/v2\/posts\/4276","targetHints":{"allow":["GET"]}}],"collection":[{"href":"https:\/\/esferas.org\/msqlu\/wp-json\/wp\/v2\/posts"}],"about":[{"href":"https:\/\/esferas.org\/msqlu\/wp-json\/wp\/v2\/types\/post"}],"author":[{"embeddable":true,"href":"https:\/\/esferas.org\/msqlu\/wp-json\/wp\/v2\/users\/1"}],"replies":[{"embeddable":true,"href":"https:\/\/esferas.org\/msqlu\/wp-json\/wp\/v2\/comments?post=4276"}],"version-history":[{"count":1,"href":"https:\/\/esferas.org\/msqlu\/wp-json\/wp\/v2\/posts\/4276\/revisions"}],"predecessor-version":[{"id":4278,"href":"https:\/\/esferas.org\/msqlu\/wp-json\/wp\/v2\/posts\/4276\/revisions\/4278"}],"wp:attachment":[{"href":"https:\/\/esferas.org\/msqlu\/wp-json\/wp\/v2\/media?parent=4276"}],"wp:term":[{"taxonomy":"category","embeddable":true,"href":"https:\/\/esferas.org\/msqlu\/wp-json\/wp\/v2\/categories?post=4276"},{"taxonomy":"post_tag","embeddable":true,"href":"https:\/\/esferas.org\/msqlu\/wp-json\/wp\/v2\/tags?post=4276"}],"curies":[{"name":"wp","href":"https:\/\/api.w.org\/{rel}","templated":true}]}}