{"id":4343,"date":"2022-11-20T10:45:11","date_gmt":"2022-11-20T09:45:11","guid":{"rendered":"https:\/\/esferas.org\/msqlu\/?p=4343"},"modified":"2023-01-11T11:16:18","modified_gmt":"2023-01-11T10:16:18","slug":"musica-aba-taano-gospel-africano-y-pop","status":"publish","type":"post","link":"https:\/\/esferas.org\/msqlu\/2022\/11\/20\/musica-aba-taano-gospel-africano-y-pop\/","title":{"rendered":"M\u00fasica: ABA TAANO G\u00f3spel Africano y Pop"},"content":{"rendered":"<div class='__iawmlf-post-loop-links' style='display:none;' data-iawmlf-post-links='[{&quot;id&quot;:79,&quot;href&quot;:&quot;http:\\\/\\\/www.abataano.com\\\/es\\\/inicio&quot;,&quot;archived_href&quot;:&quot;https:\\\/\\\/web-wp.archive.org\\\/web\\\/20251209210551\\\/https:\\\/\\\/www.abataano.com\\\/es\\\/inicio\\\/&quot;,&quot;redirect_href&quot;:&quot;&quot;,&quot;checks&quot;:[{&quot;date&quot;:&quot;2026-04-15 09:52:26&quot;,&quot;http_code&quot;:200},{&quot;date&quot;:&quot;2026-04-21 02:17:31&quot;,&quot;http_code&quot;:200}],&quot;broken&quot;:false,&quot;last_checked&quot;:{&quot;date&quot;:&quot;2026-04-21 02:17:31&quot;,&quot;http_code&quot;:200},&quot;process&quot;:&quot;done&quot;}]'><\/div>\n<p>Actuaban en mi pueblo, El Boalo, y fui a verlos con Laura. M\u00fasica g\u00f3spel africana cantada a capella. <\/p>\n\n\n\n<!--more-->\n\n\n\n<p>El grupo <a href=\"http:\/\/www.abataano.com\/es\/inicio\/\" target=\"_blank\" rel=\"noreferrer noopener\">Aba Taano<\/a> estuvo cantando como una hora y un poco m\u00e1s. La verdad es que el trabajo es bueno y tienen talento. A m\u00ed no me hace mucha gracia este tipo de conciertos especialmente por el lado <em>perroflauta<\/em> que conlleva porque me sigue pareciendo un paternalismo con ellos pero fue entretenido. <\/p>\n\n\n<div class=\"wp-block-image is-style-default\">\n<figure class=\"aligncenter size-large is-resized\"><a href=\"https:\/\/esferas.org\/msqlu\/wp-content\/uploads\/sites\/12\/2023\/01\/image-1.png\"><img loading=\"lazy\" decoding=\"async\" src=\"https:\/\/esferas.org\/msqlu\/wp-content\/uploads\/sites\/12\/2023\/01\/image-1-999x1024.png\" alt=\"\" class=\"wp-image-4355\" width=\"479\" height=\"491\" srcset=\"https:\/\/esferas.org\/msqlu\/wp-content\/uploads\/sites\/12\/2023\/01\/image-1-999x1024.png 999w, https:\/\/esferas.org\/msqlu\/wp-content\/uploads\/sites\/12\/2023\/01\/image-1-293x300.png 293w, https:\/\/esferas.org\/msqlu\/wp-content\/uploads\/sites\/12\/2023\/01\/image-1-768x787.png 768w, https:\/\/esferas.org\/msqlu\/wp-content\/uploads\/sites\/12\/2023\/01\/image-1-1498x1536.png 1498w, https:\/\/esferas.org\/msqlu\/wp-content\/uploads\/sites\/12\/2023\/01\/image-1-600x615.png 600w, https:\/\/esferas.org\/msqlu\/wp-content\/uploads\/sites\/12\/2023\/01\/image-1.png 1785w\" sizes=\"auto, (max-width: 479px) 100vw, 479px\" \/><\/a><\/figure>\n<\/div>\n\n\n<p>Lo del paternalismo lo digo por la presentaci\u00f3n que hizo una se\u00f1ora antes de la actuaci\u00f3n. Representaba a una fundaci\u00f3n o a una organizaci\u00f3n de alg\u00fan tipo que no recuerdo y dio una especie de discurso plagado de t\u00f3picos. Llego incluso a decir que si se <em>civilizasen<\/em> perder\u00edan su encanto. Bueno, no fue exactamente as\u00ed pero es lo que Laura y yo percibimos. Nos dej\u00f3 un poco a cuadros. <\/p>\n\n\n\n<p>Pues nada, que sigan subsistiendo de mala manera, que as\u00ed son adorables y podemos ir a ayudarles y llevarles buen amor cristiano. En fin. <\/p>\n\n\n\n<p>Ah, por cierto, hicieron un par de concesiones al globalismo y cantaron algunos temas de el rey le\u00f3n. Supongo que para los ni\u00f1os que asistieron. El resto debi\u00f3 aburrirles pero ya no ten\u00edan escapatoria. <\/p>\n","protected":false},"excerpt":{"rendered":"<p>Actuaban en mi pueblo, El Boalo, y fui a verlos con Laura. M\u00fasica g\u00f3spel africana cantada a capella.<\/p>\n","protected":false},"author":1,"featured_media":0,"comment_status":"open","ping_status":"open","sticky":false,"template":"","format":"standard","meta":{"_import_markdown_pro_load_document_selector":0,"_import_markdown_pro_submit_text_textarea":"","webmentions_disabled_pings":false,"webmentions_disabled":false,"footnotes":""},"categories":[784],"tags":[1176,1177],"class_list":["post-4343","post","type-post","status-publish","format-standard","hentry","category-teatro","tag-aba-taano","tag-gospel"],"_links":{"self":[{"href":"https:\/\/esferas.org\/msqlu\/wp-json\/wp\/v2\/posts\/4343","targetHints":{"allow":["GET"]}}],"collection":[{"href":"https:\/\/esferas.org\/msqlu\/wp-json\/wp\/v2\/posts"}],"about":[{"href":"https:\/\/esferas.org\/msqlu\/wp-json\/wp\/v2\/types\/post"}],"author":[{"embeddable":true,"href":"https:\/\/esferas.org\/msqlu\/wp-json\/wp\/v2\/users\/1"}],"replies":[{"embeddable":true,"href":"https:\/\/esferas.org\/msqlu\/wp-json\/wp\/v2\/comments?post=4343"}],"version-history":[{"count":3,"href":"https:\/\/esferas.org\/msqlu\/wp-json\/wp\/v2\/posts\/4343\/revisions"}],"predecessor-version":[{"id":4357,"href":"https:\/\/esferas.org\/msqlu\/wp-json\/wp\/v2\/posts\/4343\/revisions\/4357"}],"wp:attachment":[{"href":"https:\/\/esferas.org\/msqlu\/wp-json\/wp\/v2\/media?parent=4343"}],"wp:term":[{"taxonomy":"category","embeddable":true,"href":"https:\/\/esferas.org\/msqlu\/wp-json\/wp\/v2\/categories?post=4343"},{"taxonomy":"post_tag","embeddable":true,"href":"https:\/\/esferas.org\/msqlu\/wp-json\/wp\/v2\/tags?post=4343"}],"curies":[{"name":"wp","href":"https:\/\/api.w.org\/{rel}","templated":true}]}}