{"id":4347,"date":"2023-01-04T10:48:49","date_gmt":"2023-01-04T09:48:49","guid":{"rendered":"https:\/\/esferas.org\/msqlu\/?p=4347"},"modified":"2023-01-11T17:23:46","modified_gmt":"2023-01-11T16:23:46","slug":"teatro-la-madre-que-me-pario","status":"publish","type":"post","link":"https:\/\/esferas.org\/msqlu\/2023\/01\/04\/teatro-la-madre-que-me-pario\/","title":{"rendered":"Teatro: La madre que me pari\u00f3"},"content":{"rendered":"\n<p>Comedia bastante graciosa y muy llevadera. Le regal\u00e9 las entradas a Laura por Reyes y la llev\u00e9 de excursi\u00f3n al Madrid de la libertad. Un puto caos dado que es en el centro y las v\u00edsperas de la cabalgata pero sobrevivimos. <\/p>\n\n\n\n<!--more-->\n\n\n<div class=\"wp-block-image\">\n<figure class=\"aligncenter size-large is-resized\"><a href=\"https:\/\/esferas.org\/msqlu\/wp-content\/uploads\/sites\/12\/2023\/01\/image-3.png\"><img loading=\"lazy\" decoding=\"async\" src=\"https:\/\/esferas.org\/msqlu\/wp-content\/uploads\/sites\/12\/2023\/01\/image-3-763x1024.png\" alt=\"\" class=\"wp-image-4362\" width=\"309\" height=\"415\" srcset=\"https:\/\/esferas.org\/msqlu\/wp-content\/uploads\/sites\/12\/2023\/01\/image-3-763x1024.png 763w, https:\/\/esferas.org\/msqlu\/wp-content\/uploads\/sites\/12\/2023\/01\/image-3-224x300.png 224w, https:\/\/esferas.org\/msqlu\/wp-content\/uploads\/sites\/12\/2023\/01\/image-3-768x1031.png 768w, https:\/\/esferas.org\/msqlu\/wp-content\/uploads\/sites\/12\/2023\/01\/image-3-1144x1536.png 1144w, https:\/\/esferas.org\/msqlu\/wp-content\/uploads\/sites\/12\/2023\/01\/image-3-600x805.png 600w, https:\/\/esferas.org\/msqlu\/wp-content\/uploads\/sites\/12\/2023\/01\/image-3.png 1341w\" sizes=\"auto, (max-width: 309px) 100vw, 309px\" \/><\/a><\/figure>\n<\/div>\n\n\n<p>Nos lo pasamos bastante bien y Laura se ri\u00f3 mucho con la obra. No tengo quejas de ella, ni del montaje, ni del texto ni de las actuaciones. Pensaba que iba a contener muchos m\u00e1s clich\u00e9s pero no. Es m\u00e1s, ver a uno de los actores intentando dar de baja un ADSL durante toda la obra me pareci\u00f3 un detalle genial. <\/p>\n","protected":false},"excerpt":{"rendered":"<p>Comedia bastante graciosa y muy llevadera. Le regal\u00e9 las entradas a Laura por Reyes y la llev\u00e9 de excursi\u00f3n al Madrid de la libertad. Un puto caos dado que es en el centro y las v\u00edsperas de la cabalgata pero sobrevivimos.<\/p>\n","protected":false},"author":1,"featured_media":0,"comment_status":"open","ping_status":"open","sticky":false,"template":"","format":"standard","meta":{"_import_markdown_pro_load_document_selector":0,"_import_markdown_pro_submit_text_textarea":"","webmentions_disabled_pings":false,"webmentions_disabled":false,"footnotes":""},"categories":[784],"tags":[1190,1184,1189,1186,1192,1187,1185,1188,1191,881],"class_list":["post-4347","post","type-post","status-publish","format-standard","hentry","category-teatro","tag-alicia-cabrera","tag-ana-rivas-2","tag-ana-villa","tag-aurora-sanchez","tag-diego-paris","tag-juana-cordero","tag-marisol-ayuso","tag-patricia-delgado","tag-sara-vega","tag-teatro-lara"],"_links":{"self":[{"href":"https:\/\/esferas.org\/msqlu\/wp-json\/wp\/v2\/posts\/4347","targetHints":{"allow":["GET"]}}],"collection":[{"href":"https:\/\/esferas.org\/msqlu\/wp-json\/wp\/v2\/posts"}],"about":[{"href":"https:\/\/esferas.org\/msqlu\/wp-json\/wp\/v2\/types\/post"}],"author":[{"embeddable":true,"href":"https:\/\/esferas.org\/msqlu\/wp-json\/wp\/v2\/users\/1"}],"replies":[{"embeddable":true,"href":"https:\/\/esferas.org\/msqlu\/wp-json\/wp\/v2\/comments?post=4347"}],"version-history":[{"count":2,"href":"https:\/\/esferas.org\/msqlu\/wp-json\/wp\/v2\/posts\/4347\/revisions"}],"predecessor-version":[{"id":4363,"href":"https:\/\/esferas.org\/msqlu\/wp-json\/wp\/v2\/posts\/4347\/revisions\/4363"}],"wp:attachment":[{"href":"https:\/\/esferas.org\/msqlu\/wp-json\/wp\/v2\/media?parent=4347"}],"wp:term":[{"taxonomy":"category","embeddable":true,"href":"https:\/\/esferas.org\/msqlu\/wp-json\/wp\/v2\/categories?post=4347"},{"taxonomy":"post_tag","embeddable":true,"href":"https:\/\/esferas.org\/msqlu\/wp-json\/wp\/v2\/tags?post=4347"}],"curies":[{"name":"wp","href":"https:\/\/api.w.org\/{rel}","templated":true}]}}