{"id":4615,"date":"2024-02-26T07:54:19","date_gmt":"2024-02-26T06:54:19","guid":{"rendered":"https:\/\/esferas.org\/msqlu\/?p=4615"},"modified":"2024-02-26T07:54:19","modified_gmt":"2024-02-26T06:54:19","slug":"teatro-en-2023-el-ascensor","status":"publish","type":"post","link":"https:\/\/esferas.org\/msqlu\/2024\/02\/26\/teatro-en-2023-el-ascensor\/","title":{"rendered":"Teatro en 2023: El Ascensor"},"content":{"rendered":"<div class='__iawmlf-post-loop-links' style='display:none;' data-iawmlf-post-links='[{&quot;id&quot;:19,&quot;href&quot;:&quot;https:\\\/\\\/bovalo.org\\\/obras\\\/el-ascensor&quot;,&quot;archived_href&quot;:&quot;https:\\\/\\\/web-wp.archive.org\\\/web\\\/20260415085605\\\/https:\\\/\\\/bovalo.org\\\/obras\\\/el-ascensor\\\/&quot;,&quot;redirect_href&quot;:&quot;https:\\\/\\\/bovalo.org\\\/obras\\\/el-ascensor\\\/&quot;,&quot;checks&quot;:[{&quot;date&quot;:&quot;2026-04-29 10:49:06&quot;,&quot;http_code&quot;:200}],&quot;broken&quot;:false,&quot;last_checked&quot;:{&quot;date&quot;:&quot;2026-04-29 10:49:06&quot;,&quot;http_code&quot;:200},&quot;process&quot;:&quot;done&quot;},{&quot;id&quot;:4,&quot;href&quot;:&quot;https:\\\/\\\/bovalo.org&quot;,&quot;archived_href&quot;:&quot;https:\\\/\\\/web-wp.archive.org\\\/web\\\/20260415084458\\\/https:\\\/\\\/bovalo.org\\\/&quot;,&quot;redirect_href&quot;:&quot;&quot;,&quot;checks&quot;:[{&quot;date&quot;:&quot;2026-04-16 14:31:29&quot;,&quot;http_code&quot;:200},{&quot;date&quot;:&quot;2026-04-24 13:06:03&quot;,&quot;http_code&quot;:200},{&quot;date&quot;:&quot;2026-04-29 05:51:40&quot;,&quot;http_code&quot;:200}],&quot;broken&quot;:false,&quot;last_checked&quot;:{&quot;date&quot;:&quot;2026-04-29 05:51:40&quot;,&quot;http_code&quot;:200},&quot;process&quot;:&quot;done&quot;},{&quot;id&quot;:20,&quot;href&quot;:&quot;https:\\\/\\\/bovalo.org\\\/el-ascensor-en-cerceda&quot;,&quot;archived_href&quot;:&quot;https:\\\/\\\/web-wp.archive.org\\\/web\\\/20260209151442\\\/https:\\\/\\\/bovalo.org\\\/el-ascensor-en-cerceda\\\/&quot;,&quot;redirect_href&quot;:&quot;&quot;,&quot;checks&quot;:[{&quot;date&quot;:&quot;2026-04-15 08:53:02&quot;,&quot;http_code&quot;:200},{&quot;date&quot;:&quot;2026-04-29 10:49:06&quot;,&quot;http_code&quot;:200}],&quot;broken&quot;:false,&quot;last_checked&quot;:{&quot;date&quot;:&quot;2026-04-29 10:49:06&quot;,&quot;http_code&quot;:200},&quot;process&quot;:&quot;done&quot;},{&quot;id&quot;:21,&quot;href&quot;:&quot;https:\\\/\\\/bovalo.org\\\/el-ascensor-en-cercedilla&quot;,&quot;archived_href&quot;:&quot;https:\\\/\\\/web-wp.archive.org\\\/web\\\/20260113095942\\\/https:\\\/\\\/bovalo.org\\\/el-ascensor-en-cercedilla\\\/&quot;,&quot;redirect_href&quot;:&quot;&quot;,&quot;checks&quot;:[{&quot;date&quot;:&quot;2026-04-15 08:53:09&quot;,&quot;http_code&quot;:200},{&quot;date&quot;:&quot;2026-04-29 10:49:06&quot;,&quot;http_code&quot;:200}],&quot;broken&quot;:false,&quot;last_checked&quot;:{&quot;date&quot;:&quot;2026-04-29 10:49:06&quot;,&quot;http_code&quot;:200},&quot;process&quot;:&quot;done&quot;},{&quot;id&quot;:22,&quot;href&quot;:&quot;https:\\\/\\\/bovalo.org\\\/el-ascensor-en-la-prision-de-soto-del-real&quot;,&quot;archived_href&quot;:&quot;https:\\\/\\\/web-wp.archive.org\\\/web\\\/20260209134420\\\/https:\\\/\\\/bovalo.org\\\/el-ascensor-en-la-prision-de-soto-del-real\\\/&quot;,&quot;redirect_href&quot;:&quot;&quot;,&quot;checks&quot;:[{&quot;date&quot;:&quot;2026-04-15 08:53:22&quot;,&quot;http_code&quot;:200},{&quot;date&quot;:&quot;2026-04-29 10:49:06&quot;,&quot;http_code&quot;:200}],&quot;broken&quot;:false,&quot;last_checked&quot;:{&quot;date&quot;:&quot;2026-04-29 10:49:06&quot;,&quot;http_code&quot;:200},&quot;process&quot;:&quot;done&quot;}]'><\/div>\n<p>A comienzos de a\u00f1o los componentes de mi grupo de teatro con Susana Merino comenzaron a descolgarse uno a uno hasta que, muy poco despu\u00e9s, quedamos s\u00f3lo tres y eso era insuficiente para mantenernos y mantener a una profesora. El grupo, pues, se disolvi\u00f3. <\/p>\n\n\n\n<!--more-->\n\n\n\n<p>Estuve buscando un grupo de teatro por el pueblo porque algo me sonaba y consegu\u00ed encontrar uno que llevaba funcionando varios a\u00f1os: grupo teatral Carmen Mart\u00edn Gaite. Descubr\u00ed que el ayuntamiento no lo publicitaba directamente; lo inclu\u00eda en un PDF con todas las actividades culturales que no se me ocurri\u00f3 consultar. El caso es que me un\u00ed a ellos y la cosa empez\u00f3 a ir muy, muy r\u00e1pido. <\/p>\n\n\n\n<p>Tanto que durante 2023 actu\u00e9 en tres representaciones de la obra <a href=\"https:\/\/bovalo.org\/obras\/el-ascensor\/\">El Ascensor<\/a> e incluso particip\u00e9 en la creaci\u00f3n de una asociaci\u00f3n cultural dedicada al teatro llamada <a href=\"https:\/\/bovalo.org\">B\u00f3valo<\/a>, llamada as\u00ed por ser uno de los nombres primitivos del pueblo de El Boalo. <\/p>\n\n\n\n<p>Aunque s\u00f3lo actuaba en una \u00fanica escena estuve muy implicado en la parte de organizaci\u00f3n y montaje de escenarios y llegu\u00e9 a amar y odiar al mismo tiempo al atrezo de la obra. <\/p>\n\n\n\n<p>Las representaciones fueron: <\/p>\n\n\n\n<ul class=\"wp-block-list\">\n<li>El <a href=\"https:\/\/bovalo.org\/el-ascensor-en-cerceda\/\">6 de mayo<\/a> en el centro cultural de Cerceda<\/li>\n\n\n\n<li>El <a href=\"https:\/\/bovalo.org\/el-ascensor-en-cercedilla\/\">14 de mayo<\/a> en el teatro Montalvo de Cercedilla <\/li>\n\n\n\n<li>El <a href=\"https:\/\/bovalo.org\/el-ascensor-en-la-prision-de-soto-del-real\/\">22 de mayo<\/a> en la prisi\u00f3n de Soto del Real. <\/li>\n<\/ul>\n\n\n\n<p><\/p>\n\n\n\n<p><\/p>\n\n\n\n<p><\/p>\n\n\n\n<p><\/p>\n","protected":false},"excerpt":{"rendered":"<p>A comienzos de a\u00f1o los componentes de mi grupo de teatro con Susana Merino comenzaron a descolgarse uno a uno hasta que, muy poco despu\u00e9s, quedamos s\u00f3lo tres y eso era insuficiente para mantenernos y mantener a una profesora. El grupo, pues, se disolvi\u00f3.<\/p>\n","protected":false},"author":1,"featured_media":0,"comment_status":"open","ping_status":"open","sticky":false,"template":"","format":"standard","meta":{"_import_markdown_pro_load_document_selector":0,"_import_markdown_pro_submit_text_textarea":"","webmentions_disabled_pings":false,"webmentions_disabled":false,"footnotes":""},"categories":[784],"tags":[1282,1283],"class_list":["post-4615","post","type-post","status-publish","format-standard","hentry","category-teatro","tag-bovalo","tag-el-ascensor"],"_links":{"self":[{"href":"https:\/\/esferas.org\/msqlu\/wp-json\/wp\/v2\/posts\/4615","targetHints":{"allow":["GET"]}}],"collection":[{"href":"https:\/\/esferas.org\/msqlu\/wp-json\/wp\/v2\/posts"}],"about":[{"href":"https:\/\/esferas.org\/msqlu\/wp-json\/wp\/v2\/types\/post"}],"author":[{"embeddable":true,"href":"https:\/\/esferas.org\/msqlu\/wp-json\/wp\/v2\/users\/1"}],"replies":[{"embeddable":true,"href":"https:\/\/esferas.org\/msqlu\/wp-json\/wp\/v2\/comments?post=4615"}],"version-history":[{"count":2,"href":"https:\/\/esferas.org\/msqlu\/wp-json\/wp\/v2\/posts\/4615\/revisions"}],"predecessor-version":[{"id":4623,"href":"https:\/\/esferas.org\/msqlu\/wp-json\/wp\/v2\/posts\/4615\/revisions\/4623"}],"wp:attachment":[{"href":"https:\/\/esferas.org\/msqlu\/wp-json\/wp\/v2\/media?parent=4615"}],"wp:term":[{"taxonomy":"category","embeddable":true,"href":"https:\/\/esferas.org\/msqlu\/wp-json\/wp\/v2\/categories?post=4615"},{"taxonomy":"post_tag","embeddable":true,"href":"https:\/\/esferas.org\/msqlu\/wp-json\/wp\/v2\/tags?post=4615"}],"curies":[{"name":"wp","href":"https:\/\/api.w.org\/{rel}","templated":true}]}}