{"id":4617,"date":"2024-03-08T10:07:02","date_gmt":"2024-03-08T09:07:02","guid":{"rendered":"https:\/\/esferas.org\/msqlu\/?p=4617"},"modified":"2024-03-08T10:12:24","modified_gmt":"2024-03-08T09:12:24","slug":"teatro-yermas-de-siempre","status":"publish","type":"post","link":"https:\/\/esferas.org\/msqlu\/2024\/03\/08\/teatro-yermas-de-siempre\/","title":{"rendered":"Teatro: Yermas de siempre"},"content":{"rendered":"<div class='__iawmlf-post-loop-links' style='display:none;' data-iawmlf-post-links='[{&quot;id&quot;:8,&quot;href&quot;:&quot;https:\\\/\\\/es.wikipedia.org\\\/wiki\\\/Yerma&quot;,&quot;archived_href&quot;:&quot;https:\\\/\\\/web-wp.archive.org\\\/web\\\/20260105223024\\\/https:\\\/\\\/es.wikipedia.org\\\/wiki\\\/Yerma&quot;,&quot;redirect_href&quot;:&quot;&quot;,&quot;checks&quot;:[{&quot;date&quot;:&quot;2026-04-15 08:41:42&quot;,&quot;http_code&quot;:200},{&quot;date&quot;:&quot;2026-04-19 13:03:44&quot;,&quot;http_code&quot;:429},{&quot;date&quot;:&quot;2026-04-24 13:06:02&quot;,&quot;http_code&quot;:200}],&quot;broken&quot;:false,&quot;last_checked&quot;:{&quot;date&quot;:&quot;2026-04-24 13:06:02&quot;,&quot;http_code&quot;:200},&quot;process&quot;:&quot;done&quot;},{&quot;id&quot;:9,&quot;href&quot;:&quot;https:\\\/\\\/susanamerino.com\\\/teatro-yermas-de-siempre&quot;,&quot;archived_href&quot;:&quot;https:\\\/\\\/web-wp.archive.org\\\/web\\\/20260415084348\\\/https:\\\/\\\/susanamerino.com\\\/teatro-yermas-de-siempre\\\/&quot;,&quot;redirect_href&quot;:&quot;https:\\\/\\\/susanamerino.com\\\/teatro-yermas-de-siempre\\\/&quot;,&quot;checks&quot;:[],&quot;broken&quot;:false,&quot;last_checked&quot;:null,&quot;process&quot;:&quot;done&quot;}]'><\/div>\n<p>Esta obra se represent\u00f3 en el teatro de Tres Cantos y es una adaptaci\u00f3n de la obra teatral <a href=\"https:\/\/es.wikipedia.org\/wiki\/Yerma\">Yerma, de Federico Garc\u00eda Lorca<\/a>, escrita y dirigida por Susana Merino y su grupo de teatro avanzado. Fuimos a verla Laura y yo. <\/p>\n\n\n\n<!--more-->\n\n\n<div class=\"wp-block-image\">\n<figure class=\"aligncenter size-large is-resized\"><a href=\"https:\/\/esferas.org\/msqlu\/wp-content\/uploads\/sites\/12\/2024\/03\/cartel-yermas-de-siempre.jpg\"><img loading=\"lazy\" decoding=\"async\" width=\"768\" height=\"1024\" src=\"https:\/\/esferas.org\/msqlu\/wp-content\/uploads\/sites\/12\/2024\/03\/cartel-yermas-de-siempre-768x1024.jpg\" alt=\"Cartel de la obra &quot;Yermas de siempre&quot; de Susana Merino\" class=\"wp-image-4653\" style=\"width:265px;height:auto\" srcset=\"https:\/\/esferas.org\/msqlu\/wp-content\/uploads\/sites\/12\/2024\/03\/cartel-yermas-de-siempre-768x1024.jpg 768w, https:\/\/esferas.org\/msqlu\/wp-content\/uploads\/sites\/12\/2024\/03\/cartel-yermas-de-siempre-225x300.jpg 225w, https:\/\/esferas.org\/msqlu\/wp-content\/uploads\/sites\/12\/2024\/03\/cartel-yermas-de-siempre.jpg 960w\" sizes=\"auto, (max-width: 768px) 100vw, 768px\" \/><\/a><\/figure>\n<\/div>\n\n\n<p>\u00bfQu\u00e9 decir de ella? Pues que es una peque\u00f1a maravilla. La direcci\u00f3n de Susana se not\u00f3 un mont\u00f3n. Consigui\u00f3 plantearlo en dos l\u00edneas temporales. La de Yerma y la actual y transmiti\u00f3 justamente lo que pretend\u00eda Lorca, al menos en mi opini\u00f3n. <\/p>\n\n\n\n<p>En la l\u00ednea temporal actual incluso present\u00f3 algunas escenas c\u00f3micas que no dejaban de lado la tem\u00e1tica pero resultaban un peque\u00f1o alivio en el escenario al que dirig\u00eda la l\u00ednea temporal de Yerma. Es una historia terrible y termina as\u00ed, sin espacio para la risa y s\u00ed para la reflexi\u00f3n. Reflexi\u00f3n \u00e9sta que a m\u00ed me dur\u00f3 un suspiro porque, sinceramente, estoy muy cansado de tanto sufrimiento innecesario pero inevitable tal y como vivimos. A Laura tambi\u00e9n le gust\u00f3 mucho la puesta en escena. Todas las actrices, y un actor, permanentemente sobre las tablas y al mismo tiempo invisibles si no ten\u00edan que aparecer. <\/p>\n\n\n\n<p>Se puede encontrar m\u00e1s informaci\u00f3n e im\u00e1genes en <a href=\"https:\/\/susanamerino.com\/teatro-yermas-de-siempre\/\">la web de Susana<\/a>. <\/p>\n","protected":false},"excerpt":{"rendered":"<p>Esta obra se represent\u00f3 en el teatro de Tres Cantos y es una adaptaci\u00f3n de la obra teatral Yerma, de Federico Garc\u00eda Lorca, escrita y dirigida por Susana Merino y su grupo de teatro avanzado. Fuimos a verla Laura y yo.<\/p>\n","protected":false},"author":1,"featured_media":0,"comment_status":"open","ping_status":"open","sticky":false,"template":"","format":"standard","meta":{"_import_markdown_pro_load_document_selector":0,"_import_markdown_pro_submit_text_textarea":"","webmentions_disabled_pings":false,"webmentions_disabled":false,"footnotes":""},"categories":[784],"tags":[1295,1170,1297],"class_list":["post-4617","post","type-post","status-publish","format-standard","hentry","category-teatro","tag-federico-garcia-lorca","tag-susana-merino","tag-yerma"],"_links":{"self":[{"href":"https:\/\/esferas.org\/msqlu\/wp-json\/wp\/v2\/posts\/4617","targetHints":{"allow":["GET"]}}],"collection":[{"href":"https:\/\/esferas.org\/msqlu\/wp-json\/wp\/v2\/posts"}],"about":[{"href":"https:\/\/esferas.org\/msqlu\/wp-json\/wp\/v2\/types\/post"}],"author":[{"embeddable":true,"href":"https:\/\/esferas.org\/msqlu\/wp-json\/wp\/v2\/users\/1"}],"replies":[{"embeddable":true,"href":"https:\/\/esferas.org\/msqlu\/wp-json\/wp\/v2\/comments?post=4617"}],"version-history":[{"count":4,"href":"https:\/\/esferas.org\/msqlu\/wp-json\/wp\/v2\/posts\/4617\/revisions"}],"predecessor-version":[{"id":4656,"href":"https:\/\/esferas.org\/msqlu\/wp-json\/wp\/v2\/posts\/4617\/revisions\/4656"}],"wp:attachment":[{"href":"https:\/\/esferas.org\/msqlu\/wp-json\/wp\/v2\/media?parent=4617"}],"wp:term":[{"taxonomy":"category","embeddable":true,"href":"https:\/\/esferas.org\/msqlu\/wp-json\/wp\/v2\/categories?post=4617"},{"taxonomy":"post_tag","embeddable":true,"href":"https:\/\/esferas.org\/msqlu\/wp-json\/wp\/v2\/tags?post=4617"}],"curies":[{"name":"wp","href":"https:\/\/api.w.org\/{rel}","templated":true}]}}