{"id":4619,"date":"2024-03-08T09:57:55","date_gmt":"2024-03-08T08:57:55","guid":{"rendered":"https:\/\/esferas.org\/msqlu\/?p=4619"},"modified":"2024-03-08T09:57:55","modified_gmt":"2024-03-08T08:57:55","slug":"teatro-lidia-fresneda","status":"publish","type":"post","link":"https:\/\/esferas.org\/msqlu\/2024\/03\/08\/teatro-lidia-fresneda\/","title":{"rendered":"Teatro: Lidia Fresneda"},"content":{"rendered":"<div class='__iawmlf-post-loop-links' style='display:none;' data-iawmlf-post-links='[{&quot;id&quot;:4,&quot;href&quot;:&quot;https:\\\/\\\/bovalo.org&quot;,&quot;archived_href&quot;:&quot;https:\\\/\\\/web-wp.archive.org\\\/web\\\/20260415084458\\\/https:\\\/\\\/bovalo.org\\\/&quot;,&quot;redirect_href&quot;:&quot;&quot;,&quot;checks&quot;:[{&quot;date&quot;:&quot;2026-04-16 14:31:29&quot;,&quot;http_code&quot;:200},{&quot;date&quot;:&quot;2026-04-24 13:06:03&quot;,&quot;http_code&quot;:200}],&quot;broken&quot;:false,&quot;last_checked&quot;:{&quot;date&quot;:&quot;2026-04-24 13:06:03&quot;,&quot;http_code&quot;:200},&quot;process&quot;:&quot;done&quot;},{&quot;id&quot;:10,&quot;href&quot;:&quot;https:\\\/\\\/es.wikipedia.org\\\/wiki\\\/Mariana_Pineda&quot;,&quot;archived_href&quot;:&quot;https:\\\/\\\/web-wp.archive.org\\\/web\\\/20260415084354\\\/https:\\\/\\\/es.wikipedia.org\\\/wiki\\\/Mariana_Pineda&quot;,&quot;redirect_href&quot;:&quot;&quot;,&quot;checks&quot;:[],&quot;broken&quot;:false,&quot;last_checked&quot;:null,&quot;process&quot;:&quot;done&quot;}]'><\/div>\n<p>Y esta vez hablando de una obra en la que intervine en un peque\u00f1o papel. Escrita por Rafa, uno de nuestros compa\u00f1eros de la asociaci\u00f3n <a href=\"https:\/\/bovalo.org\">B\u00f3valo<\/a> y las clases de teatro del grupo Carmen Mart\u00edn Gaite en el pueblo. <\/p>\n\n\n\n<p><\/p>\n\n\n\n<!--more-->\n\n\n<div class=\"wp-block-image\">\n<figure class=\"aligncenter size-large is-resized\"><a href=\"https:\/\/esferas.org\/msqlu\/wp-content\/uploads\/sites\/12\/2024\/03\/Lidia-Fresneda-1080-x-1350-px.png\"><img loading=\"lazy\" decoding=\"async\" width=\"819\" height=\"1024\" src=\"https:\/\/esferas.org\/msqlu\/wp-content\/uploads\/sites\/12\/2024\/03\/Lidia-Fresneda-1080-x-1350-px-819x1024.png\" alt=\"\" class=\"wp-image-4651\" style=\"width:311px;height:auto\" srcset=\"https:\/\/esferas.org\/msqlu\/wp-content\/uploads\/sites\/12\/2024\/03\/Lidia-Fresneda-1080-x-1350-px-819x1024.png 819w, https:\/\/esferas.org\/msqlu\/wp-content\/uploads\/sites\/12\/2024\/03\/Lidia-Fresneda-1080-x-1350-px-240x300.png 240w, https:\/\/esferas.org\/msqlu\/wp-content\/uploads\/sites\/12\/2024\/03\/Lidia-Fresneda-1080-x-1350-px-768x960.png 768w, https:\/\/esferas.org\/msqlu\/wp-content\/uploads\/sites\/12\/2024\/03\/Lidia-Fresneda-1080-x-1350-px.png 1080w\" sizes=\"auto, (max-width: 819px) 100vw, 819px\" \/><\/a><\/figure>\n<\/div>\n\n\n<p>Representamos la obra en la casa cultural (y teatro) del pueblo de Cerceda, municipio de El Boalo, un s\u00e1bado por la tarde y tras unas cuantas desventuras porque digamos que el ayuntamiento no ha sido todo lo colaborativo que ten\u00eda que haber sido. <\/p>\n\n\n\n<p>\u00bfY c\u00f3mo fue? Bueno, pues fue. No puedo decir mucho m\u00e1s. A m\u00ed la obra no ha terminado de gustarme nunca. Al margen del estilo de escritura est\u00e1 basada en la obra <a href=\"https:\/\/es.wikipedia.org\/wiki\/Mariana_Pineda\">Mariana Pineda de Lorca<\/a> y es una de esas historias tristes que demuestran, otra vez, c\u00f3mo este pa\u00eds (Espa\u00f1a dicen) trata a los suyos: mal y a destiempo. Un asco. <\/p>\n\n\n\n<p>Y la representaci\u00f3n tuvo muchos problemas desde el principio. Primero, el texto original era muy largo y el autor tuvo que acortarlo, lo que ya hizo que parte de la obra fuese muy lenta y poco entendible. Segundo, la interpretaci\u00f3n fue a medias: ni era una lectura dramatizada  ni era interpretada. Era una mezcla que a m\u00ed me pareci\u00f3 muy dif\u00edcil de llevar a cabo y que no hizo que la cosa fuese a mayores. Tercero, la puesta en escena obligaba a <strong>todos<\/strong> a estar en <strong>todo<\/strong> momento en el escenario, sentados en sillas, y se hac\u00eda tambi\u00e9n aburrida para los que ten\u00edan que esperar a pasar a escena porque <strong>eramos parte de la escena<\/strong> fuese \u00e9sta cual fuese. La directora de la obra no tuvo tampoco muchas oportunidades; casi todos los d\u00edas alguien ven\u00eda con alguna idea nueva sobre c\u00f3mo llevarla a al pr\u00e1ctica y muchos de los que actuaron se relajaron much\u00edsimo al no tener que aprenderse el papel y &#8230; bueno, que hubo demasiado intervencionismo bienintencionado y eso no ayud\u00f3. <\/p>\n\n\n\n<p>Luego est\u00e1 el tema de las improvisaciones. No, joder, no se improvisa nada en una obra cuyo texto tienes delante y que tienes que leer. No se improvisa porque, primero, no sabes d\u00f3nde lleva la improvisaci\u00f3n dado que es precisamente una improvisaci\u00f3n; segundo porque cuando se te acaba la <em>inspiraci\u00f3n<\/em> tienes que volver a situarte en el texto para ver si sabes por d\u00f3nde seguir. Y tercero, dejas a tus compa\u00f1eros en bragas al no sabir cu\u00e1ndo le has dado el pie. Y eso hace que la cosa <strong>no<\/strong> fluya. <\/p>\n\n\n\n<p>Ah, y al final las improvisaciones se cobraron su precio: el p\u00fablico se ri\u00f3 mucho en la escena final, la m\u00e1s tr\u00e1gica y triste, precisamente porque a algunos se les fue la mano e hicieron lo que quisieron. No lo conseguimos. Y no pasa nada. Si hay otra oportunidad lo haremos mejor. Espero. <\/p>\n\n\n\n<p>O tendr\u00e9 que estrangularlos a todos por mucho que mi terapeuta me diga que no es mi papel. Raz\u00f3n no le falta, pero como lo har\u00e9 por su bien, para que no sufran m\u00e1s, espero que pueda disculparme.<\/p>\n","protected":false},"excerpt":{"rendered":"<p>Y esta vez hablando de una obra en la que intervine en un peque\u00f1o papel. Escrita por Rafa, uno de nuestros compa\u00f1eros de la asociaci\u00f3n B\u00f3valo y las clases de teatro del grupo Carmen Mart\u00edn Gaite en el pueblo.<\/p>\n","protected":false},"author":1,"featured_media":0,"comment_status":"open","ping_status":"open","sticky":false,"template":"","format":"standard","meta":{"_import_markdown_pro_load_document_selector":0,"_import_markdown_pro_submit_text_textarea":"","webmentions_disabled_pings":false,"webmentions_disabled":false,"footnotes":""},"categories":[784],"tags":[1282,1295,1296,1293,1294],"class_list":["post-4619","post","type-post","status-publish","format-standard","hentry","category-teatro","tag-bovalo","tag-federico-garcia-lorca","tag-grupo-carmen-martin-gaite","tag-lidia-fresneda","tag-mariana-pineda"],"_links":{"self":[{"href":"https:\/\/esferas.org\/msqlu\/wp-json\/wp\/v2\/posts\/4619","targetHints":{"allow":["GET"]}}],"collection":[{"href":"https:\/\/esferas.org\/msqlu\/wp-json\/wp\/v2\/posts"}],"about":[{"href":"https:\/\/esferas.org\/msqlu\/wp-json\/wp\/v2\/types\/post"}],"author":[{"embeddable":true,"href":"https:\/\/esferas.org\/msqlu\/wp-json\/wp\/v2\/users\/1"}],"replies":[{"embeddable":true,"href":"https:\/\/esferas.org\/msqlu\/wp-json\/wp\/v2\/comments?post=4619"}],"version-history":[{"count":2,"href":"https:\/\/esferas.org\/msqlu\/wp-json\/wp\/v2\/posts\/4619\/revisions"}],"predecessor-version":[{"id":4652,"href":"https:\/\/esferas.org\/msqlu\/wp-json\/wp\/v2\/posts\/4619\/revisions\/4652"}],"wp:attachment":[{"href":"https:\/\/esferas.org\/msqlu\/wp-json\/wp\/v2\/media?parent=4619"}],"wp:term":[{"taxonomy":"category","embeddable":true,"href":"https:\/\/esferas.org\/msqlu\/wp-json\/wp\/v2\/categories?post=4619"},{"taxonomy":"post_tag","embeddable":true,"href":"https:\/\/esferas.org\/msqlu\/wp-json\/wp\/v2\/tags?post=4619"}],"curies":[{"name":"wp","href":"https:\/\/api.w.org\/{rel}","templated":true}]}}